{"id":1902,"date":"2019-07-03T16:31:31","date_gmt":"2019-07-03T14:31:31","guid":{"rendered":"http:\/\/salt-n-light.de\/?p=1902"},"modified":"2019-07-03T16:31:32","modified_gmt":"2019-07-03T14:31:32","slug":"tag-der-offenen-tuer-taubblindenheim-fischbeck","status":"publish","type":"post","link":"https:\/\/salt-n-light.de\/?p=1902","title":{"rendered":"Tag der offenen T\u00fcr Taubblindenheim Fischbeck"},"content":{"rendered":"\n<p>Tag der offenen T\u00fcr im Taubblindenheim Fischbeck am 23.06.2019<br>Diesmal hatten wir schon 13.45 Uhr unseren Auftritt f\u00fcrs Taubblindenheim am Tag der offenen T\u00fcr.<br>Wie in jedem Jahr in br\u00fctender Hitze, diesmal aber aus einem anderen \u201eBlickwinkel\u201c. Kurzerhand \u00fcberlegte sich das Aufbau-Team den Chor an anderer Stelle zu platzieren.<br> Das tat der Stimmung keinen Abbruch \u2013 alles war wieder einmal eine runde Sache. <\/p>\n\n\n\n<p>Vielen Dank an Familie Hennies und das Team sowie Bewohner und G\u00e4ste.<\/p>\n\n\n\n<p>Eure Salt\u2019n\u2019Lights<\/p>\n","protected":false},"excerpt":{"rendered":"<p>Tag der offenen T\u00fcr im Taubblindenheim Fischbeck am 23.06.2019Diesmal hatten wir schon 13.45 Uhr unseren Auftritt f\u00fcrs Taubblindenheim am Tag der offenen T\u00fcr.Wie in jedem Jahr in br\u00fctender Hitze, diesmal aber aus einem anderen \u201eBlickwinkel\u201c. Kurzerhand \u00fcberlegte sich das Aufbau-Team den Chor an anderer Stelle zu platzieren. Das tat der Stimmung keinen Abbruch \u2013 alles [&hellip;]<\/p>\n","protected":false},"author":3,"featured_media":0,"comment_status":"closed","ping_status":"closed","sticky":false,"template":"","format":"standard","meta":{"ngg_post_thumbnail":0,"footnotes":""},"categories":[1],"tags":[],"class_list":["post-1902","post","type-post","status-publish","format-standard","hentry","category-allgemein"],"_links":{"self":[{"href":"https:\/\/salt-n-light.de\/index.php?rest_route=\/wp\/v2\/posts\/1902","targetHints":{"allow":["GET"]}}],"collection":[{"href":"https:\/\/salt-n-light.de\/index.php?rest_route=\/wp\/v2\/posts"}],"about":[{"href":"https:\/\/salt-n-light.de\/index.php?rest_route=\/wp\/v2\/types\/post"}],"author":[{"embeddable":true,"href":"https:\/\/salt-n-light.de\/index.php?rest_route=\/wp\/v2\/users\/3"}],"replies":[{"embeddable":true,"href":"https:\/\/salt-n-light.de\/index.php?rest_route=%2Fwp%2Fv2%2Fcomments&post=1902"}],"version-history":[{"count":1,"href":"https:\/\/salt-n-light.de\/index.php?rest_route=\/wp\/v2\/posts\/1902\/revisions"}],"predecessor-version":[{"id":1903,"href":"https:\/\/salt-n-light.de\/index.php?rest_route=\/wp\/v2\/posts\/1902\/revisions\/1903"}],"wp:attachment":[{"href":"https:\/\/salt-n-light.de\/index.php?rest_route=%2Fwp%2Fv2%2Fmedia&parent=1902"}],"wp:term":[{"taxonomy":"category","embeddable":true,"href":"https:\/\/salt-n-light.de\/index.php?rest_route=%2Fwp%2Fv2%2Fcategories&post=1902"},{"taxonomy":"post_tag","embeddable":true,"href":"https:\/\/salt-n-light.de\/index.php?rest_route=%2Fwp%2Fv2%2Ftags&post=1902"}],"curies":[{"name":"wp","href":"https:\/\/api.w.org\/{rel}","templated":true}]}}