{"id":1454,"date":"2017-06-26T11:45:45","date_gmt":"2017-06-26T09:45:45","guid":{"rendered":"http:\/\/salt-n-light.de\/?p=1454"},"modified":"2017-06-26T14:37:08","modified_gmt":"2017-06-26T12:37:08","slug":"eine-chorfahrt-toller-abschluss-des-ersten-halbjahres-2017","status":"publish","type":"post","link":"https:\/\/salt-n-light.de\/?p=1454","title":{"rendered":"Eine Chorfahrt &#8211; Toller Abschluss des ersten Halbjahres 2017"},"content":{"rendered":"<h4>Wie sch\u00f6n es doch ist, mit unseren Mitgliedern ein gemeinsames Wochenende zu verbringen.<\/h4>\n<p>&nbsp;<\/p>\n<p><a href=\"https:\/\/salt-n-light.de\/wp-content\/uploads\/Gruppenfoto_Chorfahrt_2017.jpg\"><img loading=\"lazy\" decoding=\"async\" class=\"aligncenter wp-image-1455 size-medium\" src=\"https:\/\/salt-n-light.de\/wp-content\/uploads\/Gruppenfoto_Chorfahrt_2017-300x120.jpg\" alt=\"\" width=\"300\" height=\"120\" srcset=\"https:\/\/salt-n-light.de\/wp-content\/uploads\/Gruppenfoto_Chorfahrt_2017-300x120.jpg 300w, https:\/\/salt-n-light.de\/wp-content\/uploads\/Gruppenfoto_Chorfahrt_2017-768x308.jpg 768w, https:\/\/salt-n-light.de\/wp-content\/uploads\/Gruppenfoto_Chorfahrt_2017-1024x411.jpg 1024w, https:\/\/salt-n-light.de\/wp-content\/uploads\/Gruppenfoto_Chorfahrt_2017.jpg 1265w\" sizes=\"auto, (max-width: 300px) 100vw, 300px\" \/><\/a><\/p>\n<p>&nbsp;<\/p>\n<p>Mit einer sensationellen Chorfreizeit, die am Steinhuder Meer, <a href=\"http:\/\/www.jugendherberge.de\/de-de\/jugendherbergen\/mardorf%20mit%20zeltplatz308\/portraet\" target=\"_blank\" rel=\"noopener noreferrer\">Jugendherberge Mardorf<\/a> stattfand, verabschieden wir uns in die Sommerpause 2017.<\/p>\n<p>Ganz wunderbar ist dieses Gef\u00fchl der W\u00e4rme, die dieser gemeinsame Aufenthalt in unseren Herzen hinterlassen hat.<\/p>\n<p>Unser ausdr\u00fccklicher Dank geht an das Team der Jugendherberge Mardorf, die uns herzlich aufgenommen und vorz\u00fcglich versorgt haben.<\/p>\n<p>Au\u00dferdem durften wir am Sonntag, den 25.06.2017 den Gottesdienst in der <a href=\"http:\/\/kirche-steinhude.de\/herzlich-willkommen\/\" target=\"_blank\" rel=\"noopener noreferrer\">Petruskirche in Steinhude<\/a> mitgestalten. Auch hier unser herzlicher Dank an die Gemeinde.<\/p>\n<p>Wir w\u00fcnschen eine sch\u00f6ne Sommerzeit und haben als kleinen Ausblick auf die kommende Saison noch kurz zu sagen, dass am 19.08.2017 unser erster \u00f6ffentlicher Auftritt nach der Sommerpause in Hannover anl\u00e4sslich des Luther-Jubil\u00e4ums, stattfindet.<\/p>\n<p>Wir freuen uns auf Euch<\/p>\n<p>Eure Salt\u2019n\u2018Lights<\/p>\n","protected":false},"excerpt":{"rendered":"<p>Wie sch\u00f6n es doch ist, mit unseren Mitgliedern ein gemeinsames Wochenende zu verbringen. &nbsp; &nbsp; Mit einer sensationellen Chorfreizeit, die am Steinhuder Meer, Jugendherberge Mardorf stattfand, verabschieden wir uns in die Sommerpause 2017. Ganz wunderbar ist dieses Gef\u00fchl der W\u00e4rme, die dieser gemeinsame Aufenthalt in unseren Herzen hinterlassen hat. Unser ausdr\u00fccklicher Dank geht an das [&hellip;]<\/p>\n","protected":false},"author":3,"featured_media":0,"comment_status":"closed","ping_status":"closed","sticky":false,"template":"","format":"standard","meta":{"ngg_post_thumbnail":0,"footnotes":""},"categories":[1],"tags":[],"class_list":["post-1454","post","type-post","status-publish","format-standard","hentry","category-allgemein"],"_links":{"self":[{"href":"https:\/\/salt-n-light.de\/index.php?rest_route=\/wp\/v2\/posts\/1454","targetHints":{"allow":["GET"]}}],"collection":[{"href":"https:\/\/salt-n-light.de\/index.php?rest_route=\/wp\/v2\/posts"}],"about":[{"href":"https:\/\/salt-n-light.de\/index.php?rest_route=\/wp\/v2\/types\/post"}],"author":[{"embeddable":true,"href":"https:\/\/salt-n-light.de\/index.php?rest_route=\/wp\/v2\/users\/3"}],"replies":[{"embeddable":true,"href":"https:\/\/salt-n-light.de\/index.php?rest_route=%2Fwp%2Fv2%2Fcomments&post=1454"}],"version-history":[{"count":3,"href":"https:\/\/salt-n-light.de\/index.php?rest_route=\/wp\/v2\/posts\/1454\/revisions"}],"predecessor-version":[{"id":1458,"href":"https:\/\/salt-n-light.de\/index.php?rest_route=\/wp\/v2\/posts\/1454\/revisions\/1458"}],"wp:attachment":[{"href":"https:\/\/salt-n-light.de\/index.php?rest_route=%2Fwp%2Fv2%2Fmedia&parent=1454"}],"wp:term":[{"taxonomy":"category","embeddable":true,"href":"https:\/\/salt-n-light.de\/index.php?rest_route=%2Fwp%2Fv2%2Fcategories&post=1454"},{"taxonomy":"post_tag","embeddable":true,"href":"https:\/\/salt-n-light.de\/index.php?rest_route=%2Fwp%2Fv2%2Ftags&post=1454"}],"curies":[{"name":"wp","href":"https:\/\/api.w.org\/{rel}","templated":true}]}}